{"id":11225,"date":"2023-04-27T10:36:42","date_gmt":"2023-04-27T08:36:42","guid":{"rendered":"https:\/\/www.allnav.com\/?p=11225"},"modified":"2024-06-19T15:40:57","modified_gmt":"2024-06-19T13:40:57","slug":"eu-drohnenregulierung-gilt-auch-in-der-schweiz","status":"publish","type":"post","link":"https:\/\/www.allnav.com\/fr\/eu-drohnenregulierung-gilt-auch-in-der-schweiz\/","title":{"rendered":"La r\u00e9glementation europ\u00e9enne sur les drones s'applique aussi en Suisse"},"content":{"rendered":"<div data-elementor-type=\"wp-post\" data-elementor-id=\"11225\" class=\"elementor elementor-11225\" data-elementor-post-type=\"post\">\n\t\t\t\t\t\t<section class=\"elementor-section elementor-top-section elementor-element elementor-element-5ca0a92 elementor-section-full_width elementor-section-height-default elementor-section-height-default\" data-id=\"5ca0a92\" data-element_type=\"section\" data-e-type=\"section\">\n\t\t\t\t\t\t<div class=\"elementor-container elementor-column-gap-default\">\n\t\t\t\t\t<div class=\"elementor-column elementor-col-33 elementor-top-column elementor-element elementor-element-d1d6b85\" data-id=\"d1d6b85\" data-element_type=\"column\" data-e-type=\"column\" data-settings=\"{&quot;background_background&quot;:&quot;classic&quot;}\">\n\t\t\t<div class=\"elementor-widget-wrap elementor-element-populated\">\n\t\t\t\t\t\t<div class=\"elementor-element elementor-element-bac7846 elementor-widget elementor-widget-image\" data-id=\"bac7846\" data-element_type=\"widget\" data-e-type=\"widget\" data-widget_type=\"image.default\">\n\t\t\t\t<div class=\"elementor-widget-container\">\n\t\t\t\t\t\t\t\t\t\t\t\t\t\t\t<img fetchpriority=\"high\" decoding=\"async\" width=\"800\" height=\"533\" src=\"https:\/\/www.allnav.com\/wp-content\/uploads\/2023\/04\/drohnenregulierung-1024x682.jpg\" class=\"attachment-large size-large wp-image-15601\" alt=\"\" srcset=\"https:\/\/www.allnav.com\/wp-content\/uploads\/2023\/04\/drohnenregulierung-1024x682.jpg 1024w, https:\/\/www.allnav.com\/wp-content\/uploads\/2023\/04\/drohnenregulierung-300x200.jpg 300w, https:\/\/www.allnav.com\/wp-content\/uploads\/2023\/04\/drohnenregulierung-768x512.jpg 768w, https:\/\/www.allnav.com\/wp-content\/uploads\/2023\/04\/drohnenregulierung.jpg 1280w\" sizes=\"(max-width: 800px) 100vw, 800px\" \/>\t\t\t\t\t\t\t\t\t\t\t\t\t\t\t<\/div>\n\t\t\t\t<\/div>\n\t\t\t\t\t<\/div>\n\t\t<\/div>\n\t\t\t\t<div class=\"elementor-column elementor-col-66 elementor-top-column elementor-element elementor-element-1d684ee\" data-id=\"1d684ee\" data-element_type=\"column\" data-e-type=\"column\">\n\t\t\t<div class=\"elementor-widget-wrap elementor-element-populated\">\n\t\t\t\t\t\t<div class=\"elementor-element elementor-element-f28310a elementor-widget elementor-widget-heading\" data-id=\"f28310a\" data-element_type=\"widget\" data-e-type=\"widget\" data-widget_type=\"heading.default\">\n\t\t\t\t<div class=\"elementor-widget-container\">\n\t\t\t\t\t<h1 class=\"elementor-heading-title elementor-size-default\">LA R\u00c9GLEMENTATION EUROP\u00c9ENNE SUR LES DRONES S\u2019APPLIQUE AUSSI EN SUISSE<\/h1>\t\t\t\t<\/div>\n\t\t\t\t<\/div>\n\t\t\t\t<div class=\"elementor-element elementor-element-97a526f elementor-widget-divider--view-line elementor-widget elementor-widget-divider\" data-id=\"97a526f\" data-element_type=\"widget\" data-e-type=\"widget\" data-widget_type=\"divider.default\">\n\t\t\t\t<div class=\"elementor-widget-container\">\n\t\t\t\t\t\t\t<div class=\"elementor-divider\">\n\t\t\t<span class=\"elementor-divider-separator\">\n\t\t\t\t\t\t<\/span>\n\t\t<\/div>\n\t\t\t\t\t\t<\/div>\n\t\t\t\t<\/div>\n\t\t\t\t<div class=\"elementor-element elementor-element-bad01db elementor-widget elementor-widget-heading\" data-id=\"bad01db\" data-element_type=\"widget\" data-e-type=\"widget\" data-widget_type=\"heading.default\">\n\t\t\t\t<div class=\"elementor-widget-container\">\n\t\t\t\t\t<h3 class=\"elementor-heading-title elementor-size-default\">Depuis le 1er janvier 2023, la r\u00e9glementation europ\u00e9enne sur les drones est applicable en Suisse <\/h3>\t\t\t\t<\/div>\n\t\t\t\t<\/div>\n\t\t\t\t<div class=\"elementor-element elementor-element-671a8e9 elementor-widget elementor-widget-text-editor\" data-id=\"671a8e9\" data-element_type=\"widget\" data-e-type=\"widget\" data-widget_type=\"text-editor.default\">\n\t\t\t\t<div class=\"elementor-widget-container\">\n\t\t\t\t\t\t\t\t\tUn point d\u00e9cisif de la nouvelle r\u00e9glementation est l\u2019attribution de chaque mod\u00e8le de drone \u00e0 une classe de drone. Ce marquage de classe d\u00e9finit les possibilit\u00e9s d\u2019exploitation du drone ainsi que les exigences pos\u00e9es au pilote ou \u00e0 la piloteuse. Vous trouverez ci-dessous les informations et les liens les plus importants ainsi que des d\u00e9clarations et des offres concr\u00e8tes concernant les drones qu\u2019ALLNAV g\u00e8re ou a g\u00e9r\u00e9 dans son programme.\t\t\t\t\t\t\t\t<\/div>\n\t\t\t\t<\/div>\n\t\t\t\t\t<\/div>\n\t\t<\/div>\n\t\t\t\t\t<\/div>\n\t\t<\/section>\n\t\t\t\t<section class=\"elementor-section elementor-top-section elementor-element elementor-element-df219eb elementor-section-full_width elementor-section-height-default elementor-section-height-default\" data-id=\"df219eb\" data-element_type=\"section\" data-e-type=\"section\">\n\t\t\t\t\t\t<div class=\"elementor-container elementor-column-gap-default\">\n\t\t\t\t\t<div class=\"elementor-column elementor-col-100 elementor-top-column elementor-element elementor-element-2fc3b3f\" data-id=\"2fc3b3f\" data-element_type=\"column\" data-e-type=\"column\">\n\t\t\t<div class=\"elementor-widget-wrap elementor-element-populated\">\n\t\t\t\t\t\t<div class=\"elementor-element elementor-element-d9aedc5 elementor-widget elementor-widget-text-editor\" data-id=\"d9aedc5\" data-element_type=\"widget\" data-e-type=\"widget\" data-widget_type=\"text-editor.default\">\n\t\t\t\t<div class=\"elementor-widget-container\">\n\t\t\t\t\t\t\t\t\t<p><strong>R\u00e9glementation europ\u00e9enne sur les drones<\/strong><br \/>Depuis le 1er janvier 2023, la r\u00e9glementation europ\u00e9enne sur les drones est applicable en Suisse. Vous trouverez toutes les restrictions et r\u00e9glementations sur le site de l\u2019Office f\u00e9d\u00e9ral de l\u2019aviation civile.<\/p><p><span style=\"text-decoration: underline;\"><span style=\"color: #000000; text-decoration: underline;\"><a style=\"color: #000000; text-decoration: underline;\" href=\"https:\/\/www.bazl.admin.ch\/bazl\/de\/home\/drohnen.html\" target=\"_blank\" rel=\"noopener\">Drones (admin.ch)<\/a><\/span><\/span><\/p><p>D\u00e8s qu\u2019il n\u2019est plus possible de voler dans la cat\u00e9gorie ouverte, il faut une autorisation. Pour cela, nous vous recommandons de devenir membre de l\u2019Association Suisse pour l\u2019Exploitation G\u00e9omatique des Drones.<\/p><p><span style=\"text-decoration: underline; color: #000000;\"><a style=\"color: #000000;\" href=\"https:\/\/vdgs.ch\/\" target=\"_blank\" rel=\"noopener\">Association Suisse pour l\u2019Exploitation G\u00e9omatique des Drones (ASEGD)<\/a><\/span><\/p>\t\t\t\t\t\t\t\t<\/div>\n\t\t\t\t<\/div>\n\t\t\t\t<div class=\"elementor-element elementor-element-1cb9fdd elementor-widget elementor-widget-text-editor\" data-id=\"1cb9fdd\" data-element_type=\"widget\" data-e-type=\"widget\" data-widget_type=\"text-editor.default\">\n\t\t\t\t<div class=\"elementor-widget-container\">\n\t\t\t\t\t\t\t\t\t<p><strong>Marquage de la classe<\/strong><br \/>Un point crucial de la nouvelle r\u00e9glementation est l\u2019attribution d\u2019une classe de drones \u00e0 chaque drone. Ce marquage de classe d\u00e9termine les possibilit\u00e9s d\u2019exploitation du drone ainsi que les exigences pos\u00e9es au pilote ou \u00e0 la pilote.<\/p>\t\t\t\t\t\t\t\t<\/div>\n\t\t\t\t<\/div>\n\t\t\t\t<div class=\"elementor-element elementor-element-28e7344 elementor-widget elementor-widget-image\" data-id=\"28e7344\" data-element_type=\"widget\" data-e-type=\"widget\" data-widget_type=\"image.default\">\n\t\t\t\t<div class=\"elementor-widget-container\">\n\t\t\t\t\t\t\t\t\t\t\t\t\t\t\t<img decoding=\"async\" width=\"1384\" height=\"638\" src=\"https:\/\/www.allnav.com\/wp-content\/uploads\/2023\/05\/Drohne-Klassenmarkierung-Website.jpg\" class=\"attachment-full size-full wp-image-11271\" alt=\"\" srcset=\"https:\/\/www.allnav.com\/wp-content\/uploads\/2023\/05\/Drohne-Klassenmarkierung-Website.jpg 1384w, https:\/\/www.allnav.com\/wp-content\/uploads\/2023\/05\/Drohne-Klassenmarkierung-Website-300x138.jpg 300w, https:\/\/www.allnav.com\/wp-content\/uploads\/2023\/05\/Drohne-Klassenmarkierung-Website-1024x472.jpg 1024w, https:\/\/www.allnav.com\/wp-content\/uploads\/2023\/05\/Drohne-Klassenmarkierung-Website-768x354.jpg 768w\" sizes=\"(max-width: 1384px) 100vw, 1384px\" \/>\t\t\t\t\t\t\t\t\t\t\t\t\t\t\t<\/div>\n\t\t\t\t<\/div>\n\t\t\t\t<div class=\"elementor-element elementor-element-e60bde4 elementor-widget elementor-widget-text-editor\" data-id=\"e60bde4\" data-element_type=\"widget\" data-e-type=\"widget\" data-widget_type=\"text-editor.default\">\n\t\t\t\t<div class=\"elementor-widget-container\">\n\t\t\t\t\t\t\t\t\t<p>Apr\u00e8s l\u2019expiration de la cat\u00e9gorie transitoire seuls les drones portant un marquage de classe pourront \u00eatre exploit\u00e9s. <a href=\"https:\/\/www.bazl.admin.ch\/bazl\/de\/home\/drohnen\/open\/uebergangskategorie_limited-open.html\" target=\"_blank\" rel=\"noopener\"><span style=\"text-decoration: underline;\"><span style=\"color: #000000; text-decoration: underline;\">cat\u00e9gorie transitoire<\/span><\/span><\/a> d\u00fcrfen nur noch Drohnen mit einer Klassenmarkierung betrieben werden.<\/p><p>La nouvelle r\u00e9glementation est \u00e9galement un grand d\u00e9fi pour les fabricants. Ils ont d\u00fb mettre en oeuvre des exigences techniques qui n\u2019\u00e9taient connues que depuis peu. La classification doit \u00eatre effectu\u00e9e par des organismes de contr\u00f4le officiels, qui sont actuellement tr\u00e8s surcharg\u00e9s. Comme les obstacles techniques et administratifs sont tr\u00e8s \u00e9lev\u00e9s pour les fabricants, ils ne peuvent faire classer que leurs produits principaux. A premi\u00e8re vue, cela semble \u00eatre un grand avantage pour les fabricants, car ils peuvent vendre de nouveaux appareils. Mais ce n\u2019est pas le cas. La nouvelle r\u00e9glementation a provoqu\u00e9 une grande incertitude et une grande r\u00e9ticence sur le march\u00e9 et de nombreux clients n\u2019offriront plus de services dans ce domaine.<\/p>\t\t\t\t\t\t\t\t<\/div>\n\t\t\t\t<\/div>\n\t\t\t\t<div class=\"elementor-element elementor-element-892465a elementor-widget elementor-widget-heading\" data-id=\"892465a\" data-element_type=\"widget\" data-e-type=\"widget\" data-widget_type=\"heading.default\">\n\t\t\t\t<div class=\"elementor-widget-container\">\n\t\t\t\t\t<h3 class=\"elementor-heading-title elementor-size-default\">Proc\u00e9dure<\/h3>\t\t\t\t<\/div>\n\t\t\t\t<\/div>\n\t\t\t\t<div class=\"elementor-element elementor-element-46e04d3 elementor-widget elementor-widget-text-editor\" data-id=\"46e04d3\" data-element_type=\"widget\" data-e-type=\"widget\" data-widget_type=\"text-editor.default\">\n\t\t\t\t<div class=\"elementor-widget-container\">\n\t\t\t\t\t\t\t\t\t<p>Afin que vous puissiez continuer \u00e0 voler apr\u00e8s l\u2019expiration de la <span style=\"text-decoration: underline; color: #333333;\"><a style=\"color: #333333; text-decoration: underline;\" href=\"https:\/\/www.bazl.admin.ch\/bazl\/de\/home\/drohnen\/open\/uebergangskategorie_limited-open.html\" target=\"_blank\" rel=\"noopener\">cat\u00e9gorie transitoire<\/a><\/span> nous vous proposons la proc\u00e9dure suivante.<\/p>\t\t\t\t\t\t\t\t<\/div>\n\t\t\t\t<\/div>\n\t\t\t\t<div class=\"elementor-element elementor-element-f3433a3 elementor-widget elementor-widget-text-editor\" data-id=\"f3433a3\" data-element_type=\"widget\" data-e-type=\"widget\" data-widget_type=\"text-editor.default\">\n\t\t\t\t<div class=\"elementor-widget-container\">\n\t\t\t\t\t\t\t\t\t<p><strong>Vous poss\u00e9dez un drone de AgEagle (SenseFly)<\/strong><\/p><table><tbody><tr><td>Vous poss\u00e9dez un eBee X,\nDate de livraison apr\u00e8s le 1.11.2022<\/td><td>Si vous ne voyez pas encore la marque \u00ab C2 \u00bb dans le compartiment des piles, veuillez nous contacter. Nous vous informerons de la marche \u00e0 suivre. Il n\u2019y a pas de frais.<\/td><\/tr><tr><td>Vous poss\u00e9dez un eBee X, date de livraison avant le 1.11.2022<\/td><td>AgEagle propose un trade-up. Vous recevez un body enti\u00e8rement neuf et, en plus, \u00e0 nouveau 12 mois de garantie.\nLes co\u00fbts s\u2019\u00e9l\u00e8vent \u00e0 6\u2019000 francs, TVA et transport en sus.<br \/>Kosten daf\u00fcr liegen bei 6\u2019000.- Fr zzgl. MwSt. und Transport<\/td><\/tr><tr><td>Vous poss\u00e9dez une eBee Plus, une eBee Classic ou une Albris<\/td><td>Pour des raisons techniques, il n\u2019est plus possible de proc\u00e9der \u00e0 une certification pour ces produits.<\/td><\/tr><\/tbody><\/table>\t\t\t\t\t\t\t\t<\/div>\n\t\t\t\t<\/div>\n\t\t\t\t<div class=\"elementor-element elementor-element-b5ced7d elementor-widget elementor-widget-text-editor\" data-id=\"b5ced7d\" data-element_type=\"widget\" data-e-type=\"widget\" data-widget_type=\"text-editor.default\">\n\t\t\t\t<div class=\"elementor-widget-container\">\n\t\t\t\t\t\t\t\t\t<p><strong>Vous poss\u00e9dez un drone de DJI<\/strong><\/p><table><tbody><tr><td>Vous poss\u00e9dez un DJI Mavic 3 Enterprise.<\/td><td>Pour ce produit, la certification est encore en cours. Nous attendons une classification \u00ab C2 \u00bb pour fin 2023 au plus tard. Un enregistrement en ligne et une mise \u00e0 jour du micrologiciel seront probablement suffisants. D\u2019autres informations suivront.<\/td><\/tr><tr><td>Vous poss\u00e9dez un DJI Phantom 4 RTK<\/td><td>Pour des raisons techniques, il n\u2019est plus possible d\u2019effectuer une certification pour ces produits. Nous vous recommandons de passer au Mavic 3 Enterprise.<\/td><\/tr><\/tbody><\/table><p><br \/><br \/><\/p>\t\t\t\t\t\t\t\t<\/div>\n\t\t\t\t<\/div>\n\t\t\t\t\t<\/div>\n\t\t<\/div>\n\t\t\t\t\t<\/div>\n\t\t<\/section>\n\t\t\t\t<section class=\"elementor-section elementor-top-section elementor-element elementor-element-7df31aa elementor-section-full_width elementor-reverse-mobile elementor-section-height-default elementor-section-height-default\" data-id=\"7df31aa\" data-element_type=\"section\" data-e-type=\"section\">\n\t\t\t\t\t\t<div class=\"elementor-container elementor-column-gap-default\">\n\t\t\t\t\t<div class=\"elementor-column elementor-col-100 elementor-top-column elementor-element elementor-element-49150b1\" data-id=\"49150b1\" data-element_type=\"column\" data-e-type=\"column\">\n\t\t\t<div class=\"elementor-widget-wrap elementor-element-populated\">\n\t\t\t\t\t\t<div class=\"elementor-element elementor-element-703eb68 elementor-post-navigation-borders-yes elementor-widget elementor-widget-post-navigation\" data-id=\"703eb68\" data-element_type=\"widget\" data-e-type=\"widget\" data-widget_type=\"post-navigation.default\">\n\t\t\t\t<div class=\"elementor-widget-container\">\n\t\t\t\t\t\t\t<div class=\"elementor-post-navigation\" role=\"navigation\" aria-label=\"Navigation de publication\">\n\t\t\t<div class=\"elementor-post-navigation__prev elementor-post-navigation__link\">\n\t\t\t\t<a href=\"https:\/\/www.allnav.com\/fr\/trimble-4d-control-die-monitoring-komplettloesung-von-allnav\/\" rel=\"prev\"><span class=\"post-navigation__arrow-wrapper post-navigation__arrow-prev\"><svg aria-hidden=\"true\" class=\"e-font-icon-svg e-fas-angle-left\" viewbox=\"0 0 256 512\" xmlns=\"http:\/\/www.w3.org\/2000\/svg\"><path d=\"M31.7 239l136-136c9.4-9.4 24.6-9.4 33.9 0l22.6 22.6c9.4 9.4 9.4 24.6 0 33.9L127.9 256l96.4 96.4c9.4 9.4 9.4 24.6 0 33.9L201.7 409c-9.4 9.4-24.6 9.4-33.9 0l-136-136c-9.5-9.4-9.5-24.6-.1-34z\"><\/path><\/svg><span class=\"elementor-screen-only\">Pr\u00e9c\u00e9dent<\/span><\/span><span class=\"elementor-post-navigation__link__prev\"><span class=\"post-navigation__prev--label\">retour<\/span><span class=\"post-navigation__prev--title\">Trimble 4D Control - la solution compl\u00e8te de monitoring d'ALLNAV<\/span><\/span><\/a>\t\t\t<\/div>\n\t\t\t\t\t\t\t<div class=\"elementor-post-navigation__separator-wrapper\">\n\t\t\t\t\t<div class=\"elementor-post-navigation__separator\"><\/div>\n\t\t\t\t<\/div>\n\t\t\t\t\t\t<div class=\"elementor-post-navigation__next elementor-post-navigation__link\">\n\t\t\t\t<a href=\"https:\/\/www.allnav.com\/fr\/erweiterung-des-trimble-technology-lab-am-fhnw-campus-muttenz-mit-schwerpunkt-planung-und-geomatik\/\" rel=\"next\"><span class=\"elementor-post-navigation__link__next\"><span class=\"post-navigation__next--label\">continuer<\/span><span class=\"post-navigation__next--title\">Extension du Trimble Technology Lab au campus FHNW de Muttenz avec un accent sur la \"planification et la g\u00e9omatique<\/span><\/span><span class=\"post-navigation__arrow-wrapper post-navigation__arrow-next\"><svg aria-hidden=\"true\" class=\"e-font-icon-svg e-fas-angle-right\" viewbox=\"0 0 256 512\" xmlns=\"http:\/\/www.w3.org\/2000\/svg\"><path d=\"M224.3 273l-136 136c-9.4 9.4-24.6 9.4-33.9 0l-22.6-22.6c-9.4-9.4-9.4-24.6 0-33.9l96.4-96.4-96.4-96.4c-9.4-9.4-9.4-24.6 0-33.9L54.3 103c9.4-9.4 24.6-9.4 33.9 0l136 136c9.5 9.4 9.5 24.6.1 34z\"><\/path><\/svg><span class=\"elementor-screen-only\">Suivant<\/span><\/span><\/a>\t\t\t<\/div>\n\t\t<\/div>\n\t\t\t\t\t\t<\/div>\n\t\t\t\t<\/div>\n\t\t\t\t\t<\/div>\n\t\t<\/div>\n\t\t\t\t\t<\/div>\n\t\t<\/section>\n\t\t\t\t<\/div>","protected":false},"excerpt":{"rendered":"<p>Depuis le 1er janvier 2023, la r\u00e9glementation europ\u00e9enne sur les drones est applicable en Suisse. Un point d\u00e9cisif de la nouvelle r\u00e9glementation est l'attribution de chaque mod\u00e8le de drone \u00e0 une cat\u00e9gorie de drones.<\/p>","protected":false},"author":1,"featured_media":15601,"comment_status":"closed","ping_status":"open","sticky":false,"template":"elementor_header_footer","format":"standard","meta":{"footnotes":""},"categories":[25],"tags":[],"class_list":["post-11225","post","type-post","status-publish","format-standard","has-post-thumbnail","hentry","category-news"],"yoast_head":"<!-- This site is optimized with the Yoast SEO Premium plugin v27.4 (Yoast SEO v27.4) - https:\/\/yoast.com\/product\/yoast-seo-premium-wordpress\/ -->\n<title>EU-Drohnenregulierung gilt auch in der Schweiz<\/title>\n<meta name=\"description\" content=\"Seit dem 1. Januar 2023 gilt in der Schweiz die EU-Drohnenregulierung. Ein entscheidender Punkt der neuen Regulierung ist die Zuordnung jedes Drohnenmodells in eine Drohnenklasse.\" \/>\n<meta name=\"robots\" content=\"index, follow, max-snippet:-1, max-image-preview:large, max-video-preview:-1\" \/>\n<link rel=\"canonical\" href=\"https:\/\/www.allnav.com\/fr\/eu-drohnenregulierung-gilt-auch-in-der-schweiz\/\" \/>\n<meta property=\"og:locale\" content=\"fr_FR\" \/>\n<meta property=\"og:type\" content=\"article\" \/>\n<meta property=\"og:title\" content=\"EU-Drohnenregulierung gilt auch in der Schweiz\" \/>\n<meta property=\"og:description\" content=\"Seit dem 1. Januar 2023 gilt in der Schweiz die EU-Drohnenregulierung. Ein entscheidender Punkt der neuen Regulierung ist die Zuordnung jedes Drohnenmodells in eine Drohnenklasse.\" \/>\n<meta property=\"og:url\" content=\"https:\/\/www.allnav.com\/fr\/eu-drohnenregulierung-gilt-auch-in-der-schweiz\/\" \/>\n<meta property=\"og:site_name\" content=\"ALLNAV\" \/>\n<meta property=\"article:published_time\" content=\"2023-04-27T08:36:42+00:00\" \/>\n<meta property=\"article:modified_time\" content=\"2024-06-19T13:40:57+00:00\" \/>\n<meta property=\"og:image\" content=\"https:\/\/www.allnav.com\/wp-content\/uploads\/2023\/04\/drohnenregulierung.jpg\" \/>\n\t<meta property=\"og:image:width\" content=\"1280\" \/>\n\t<meta property=\"og:image:height\" content=\"853\" \/>\n\t<meta property=\"og:image:type\" content=\"image\/webp\" \/>\n<meta name=\"author\" content=\"visual_image\" \/>\n<meta name=\"twitter:card\" content=\"summary_large_image\" \/>\n<meta name=\"twitter:label1\" content=\"\u00c9crit par\" \/>\n\t<meta name=\"twitter:data1\" content=\"visual_image\" \/>\n\t<meta name=\"twitter:label2\" content=\"Dur\u00e9e de lecture estim\u00e9e\" \/>\n\t<meta name=\"twitter:data2\" content=\"3 minutes\" \/>\n<script type=\"application\/ld+json\" class=\"yoast-schema-graph\">{\"@context\":\"https:\\\/\\\/schema.org\",\"@graph\":[{\"@type\":\"Article\",\"@id\":\"https:\\\/\\\/www.allnav.com\\\/eu-drohnenregulierung-gilt-auch-in-der-schweiz\\\/#article\",\"isPartOf\":{\"@id\":\"https:\\\/\\\/www.allnav.com\\\/eu-drohnenregulierung-gilt-auch-in-der-schweiz\\\/\"},\"author\":{\"name\":\"visual_image\",\"@id\":\"https:\\\/\\\/www.allnav.com\\\/#\\\/schema\\\/person\\\/ddd9d4a0a99269d496be948429ea1d66\"},\"headline\":\"EU-Drohnenregulierung gilt auch in der Schweiz\",\"datePublished\":\"2023-04-27T08:36:42+00:00\",\"dateModified\":\"2024-06-19T13:40:57+00:00\",\"mainEntityOfPage\":{\"@id\":\"https:\\\/\\\/www.allnav.com\\\/eu-drohnenregulierung-gilt-auch-in-der-schweiz\\\/\"},\"wordCount\":468,\"publisher\":{\"@id\":\"https:\\\/\\\/www.allnav.com\\\/#organization\"},\"image\":{\"@id\":\"https:\\\/\\\/www.allnav.com\\\/eu-drohnenregulierung-gilt-auch-in-der-schweiz\\\/#primaryimage\"},\"thumbnailUrl\":\"https:\\\/\\\/www.allnav.com\\\/wp-content\\\/uploads\\\/2023\\\/04\\\/drohnenregulierung.jpg\",\"articleSection\":[\"News\"],\"inLanguage\":\"fr-FR\"},{\"@type\":\"WebPage\",\"@id\":\"https:\\\/\\\/www.allnav.com\\\/eu-drohnenregulierung-gilt-auch-in-der-schweiz\\\/\",\"url\":\"https:\\\/\\\/www.allnav.com\\\/eu-drohnenregulierung-gilt-auch-in-der-schweiz\\\/\",\"name\":\"EU-Drohnenregulierung gilt auch in der Schweiz\",\"isPartOf\":{\"@id\":\"https:\\\/\\\/www.allnav.com\\\/#website\"},\"primaryImageOfPage\":{\"@id\":\"https:\\\/\\\/www.allnav.com\\\/eu-drohnenregulierung-gilt-auch-in-der-schweiz\\\/#primaryimage\"},\"image\":{\"@id\":\"https:\\\/\\\/www.allnav.com\\\/eu-drohnenregulierung-gilt-auch-in-der-schweiz\\\/#primaryimage\"},\"thumbnailUrl\":\"https:\\\/\\\/www.allnav.com\\\/wp-content\\\/uploads\\\/2023\\\/04\\\/drohnenregulierung.jpg\",\"datePublished\":\"2023-04-27T08:36:42+00:00\",\"dateModified\":\"2024-06-19T13:40:57+00:00\",\"description\":\"Seit dem 1. Januar 2023 gilt in der Schweiz die EU-Drohnenregulierung. Ein entscheidender Punkt der neuen Regulierung ist die Zuordnung jedes Drohnenmodells in eine Drohnenklasse.\",\"breadcrumb\":{\"@id\":\"https:\\\/\\\/www.allnav.com\\\/eu-drohnenregulierung-gilt-auch-in-der-schweiz\\\/#breadcrumb\"},\"inLanguage\":\"fr-FR\",\"potentialAction\":[{\"@type\":\"ReadAction\",\"target\":[\"https:\\\/\\\/www.allnav.com\\\/eu-drohnenregulierung-gilt-auch-in-der-schweiz\\\/\"]}]},{\"@type\":\"ImageObject\",\"inLanguage\":\"fr-FR\",\"@id\":\"https:\\\/\\\/www.allnav.com\\\/eu-drohnenregulierung-gilt-auch-in-der-schweiz\\\/#primaryimage\",\"url\":\"https:\\\/\\\/www.allnav.com\\\/wp-content\\\/uploads\\\/2023\\\/04\\\/drohnenregulierung.jpg\",\"contentUrl\":\"https:\\\/\\\/www.allnav.com\\\/wp-content\\\/uploads\\\/2023\\\/04\\\/drohnenregulierung.jpg\",\"width\":1280,\"height\":853},{\"@type\":\"BreadcrumbList\",\"@id\":\"https:\\\/\\\/www.allnav.com\\\/eu-drohnenregulierung-gilt-auch-in-der-schweiz\\\/#breadcrumb\",\"itemListElement\":[{\"@type\":\"ListItem\",\"position\":1,\"name\":\"Startseite\",\"item\":\"https:\\\/\\\/www.allnav.com\\\/\"},{\"@type\":\"ListItem\",\"position\":2,\"name\":\"EU-Drohnenregulierung gilt auch in der Schweiz\"}]},{\"@type\":\"WebSite\",\"@id\":\"https:\\\/\\\/www.allnav.com\\\/#website\",\"url\":\"https:\\\/\\\/www.allnav.com\\\/\",\"name\":\"ALLNAV\",\"description\":\"L\u00f6sungen und Systeme f\u00fcr Vermessungsprofis\",\"publisher\":{\"@id\":\"https:\\\/\\\/www.allnav.com\\\/#organization\"},\"potentialAction\":[{\"@type\":\"SearchAction\",\"target\":{\"@type\":\"EntryPoint\",\"urlTemplate\":\"https:\\\/\\\/www.allnav.com\\\/?s={search_term_string}\"},\"query-input\":{\"@type\":\"PropertyValueSpecification\",\"valueRequired\":true,\"valueName\":\"search_term_string\"}}],\"inLanguage\":\"fr-FR\"},{\"@type\":\"Organization\",\"@id\":\"https:\\\/\\\/www.allnav.com\\\/#organization\",\"name\":\"ALLNAV\",\"url\":\"https:\\\/\\\/www.allnav.com\\\/\",\"logo\":{\"@type\":\"ImageObject\",\"inLanguage\":\"fr-FR\",\"@id\":\"https:\\\/\\\/www.allnav.com\\\/#\\\/schema\\\/logo\\\/image\\\/\",\"url\":\"https:\\\/\\\/www.allnav.com\\\/wp-content\\\/uploads\\\/2020\\\/01\\\/allnav.png\",\"contentUrl\":\"https:\\\/\\\/www.allnav.com\\\/wp-content\\\/uploads\\\/2020\\\/01\\\/allnav.png\",\"width\":506,\"height\":152,\"caption\":\"ALLNAV\"},\"image\":{\"@id\":\"https:\\\/\\\/www.allnav.com\\\/#\\\/schema\\\/logo\\\/image\\\/\"}},{\"@type\":\"Person\",\"@id\":\"https:\\\/\\\/www.allnav.com\\\/#\\\/schema\\\/person\\\/ddd9d4a0a99269d496be948429ea1d66\",\"name\":\"visual_image\",\"url\":\"https:\\\/\\\/www.allnav.com\\\/fr\\\/author\\\/visual_image\\\/\"}]}<\/script>\n<!-- \/ Yoast SEO Premium plugin. -->","yoast_head_json":{"title":"La r\u00e9glementation europ\u00e9enne sur les drones s'applique aussi en Suisse","description":"Depuis le 1er janvier 2023, la r\u00e9glementation europ\u00e9enne sur les drones est applicable en Suisse. Un point d\u00e9cisif de la nouvelle r\u00e9glementation est l'attribution de chaque mod\u00e8le de drone \u00e0 une cat\u00e9gorie de drones.","robots":{"index":"index","follow":"follow","max-snippet":"max-snippet:-1","max-image-preview":"max-image-preview:large","max-video-preview":"max-video-preview:-1"},"canonical":"https:\/\/www.allnav.com\/fr\/eu-drohnenregulierung-gilt-auch-in-der-schweiz\/","og_locale":"fr_FR","og_type":"article","og_title":"EU-Drohnenregulierung gilt auch in der Schweiz","og_description":"Seit dem 1. Januar 2023 gilt in der Schweiz die EU-Drohnenregulierung. Ein entscheidender Punkt der neuen Regulierung ist die Zuordnung jedes Drohnenmodells in eine Drohnenklasse.","og_url":"https:\/\/www.allnav.com\/fr\/eu-drohnenregulierung-gilt-auch-in-der-schweiz\/","og_site_name":"ALLNAV","article_published_time":"2023-04-27T08:36:42+00:00","article_modified_time":"2024-06-19T13:40:57+00:00","og_image":[{"width":1280,"height":853,"url":"https:\/\/www.allnav.com\/wp-content\/uploads\/2023\/04\/drohnenregulierung.jpg","type":"image\/webp"}],"author":"visual_image","twitter_card":"summary_large_image","twitter_misc":{"\u00c9crit par":"visual_image","Dur\u00e9e de lecture estim\u00e9e":"3 minutes"},"schema":{"@context":"https:\/\/schema.org","@graph":[{"@type":"Article","@id":"https:\/\/www.allnav.com\/eu-drohnenregulierung-gilt-auch-in-der-schweiz\/#article","isPartOf":{"@id":"https:\/\/www.allnav.com\/eu-drohnenregulierung-gilt-auch-in-der-schweiz\/"},"author":{"name":"visual_image","@id":"https:\/\/www.allnav.com\/#\/schema\/person\/ddd9d4a0a99269d496be948429ea1d66"},"headline":"EU-Drohnenregulierung gilt auch in der Schweiz","datePublished":"2023-04-27T08:36:42+00:00","dateModified":"2024-06-19T13:40:57+00:00","mainEntityOfPage":{"@id":"https:\/\/www.allnav.com\/eu-drohnenregulierung-gilt-auch-in-der-schweiz\/"},"wordCount":468,"publisher":{"@id":"https:\/\/www.allnav.com\/#organization"},"image":{"@id":"https:\/\/www.allnav.com\/eu-drohnenregulierung-gilt-auch-in-der-schweiz\/#primaryimage"},"thumbnailUrl":"https:\/\/www.allnav.com\/wp-content\/uploads\/2023\/04\/drohnenregulierung.jpg","articleSection":["News"],"inLanguage":"fr-FR"},{"@type":"WebPage","@id":"https:\/\/www.allnav.com\/eu-drohnenregulierung-gilt-auch-in-der-schweiz\/","url":"https:\/\/www.allnav.com\/eu-drohnenregulierung-gilt-auch-in-der-schweiz\/","name":"La r\u00e9glementation europ\u00e9enne sur les drones s'applique aussi en Suisse","isPartOf":{"@id":"https:\/\/www.allnav.com\/#website"},"primaryImageOfPage":{"@id":"https:\/\/www.allnav.com\/eu-drohnenregulierung-gilt-auch-in-der-schweiz\/#primaryimage"},"image":{"@id":"https:\/\/www.allnav.com\/eu-drohnenregulierung-gilt-auch-in-der-schweiz\/#primaryimage"},"thumbnailUrl":"https:\/\/www.allnav.com\/wp-content\/uploads\/2023\/04\/drohnenregulierung.jpg","datePublished":"2023-04-27T08:36:42+00:00","dateModified":"2024-06-19T13:40:57+00:00","description":"Depuis le 1er janvier 2023, la r\u00e9glementation europ\u00e9enne sur les drones est applicable en Suisse. Un point d\u00e9cisif de la nouvelle r\u00e9glementation est l'attribution de chaque mod\u00e8le de drone \u00e0 une cat\u00e9gorie de drones.","breadcrumb":{"@id":"https:\/\/www.allnav.com\/eu-drohnenregulierung-gilt-auch-in-der-schweiz\/#breadcrumb"},"inLanguage":"fr-FR","potentialAction":[{"@type":"ReadAction","target":["https:\/\/www.allnav.com\/eu-drohnenregulierung-gilt-auch-in-der-schweiz\/"]}]},{"@type":"ImageObject","inLanguage":"fr-FR","@id":"https:\/\/www.allnav.com\/eu-drohnenregulierung-gilt-auch-in-der-schweiz\/#primaryimage","url":"https:\/\/www.allnav.com\/wp-content\/uploads\/2023\/04\/drohnenregulierung.jpg","contentUrl":"https:\/\/www.allnav.com\/wp-content\/uploads\/2023\/04\/drohnenregulierung.jpg","width":1280,"height":853},{"@type":"BreadcrumbList","@id":"https:\/\/www.allnav.com\/eu-drohnenregulierung-gilt-auch-in-der-schweiz\/#breadcrumb","itemListElement":[{"@type":"ListItem","position":1,"name":"Startseite","item":"https:\/\/www.allnav.com\/"},{"@type":"ListItem","position":2,"name":"EU-Drohnenregulierung gilt auch in der Schweiz"}]},{"@type":"WebSite","@id":"https:\/\/www.allnav.com\/#website","url":"https:\/\/www.allnav.com\/","name":"ALLNAV","description":"L\u00f6sungen und Systeme f\u00fcr Vermessungsprofis","publisher":{"@id":"https:\/\/www.allnav.com\/#organization"},"potentialAction":[{"@type":"SearchAction","target":{"@type":"EntryPoint","urlTemplate":"https:\/\/www.allnav.com\/?s={search_term_string}"},"query-input":{"@type":"PropertyValueSpecification","valueRequired":true,"valueName":"search_term_string"}}],"inLanguage":"fr-FR"},{"@type":"Organization","@id":"https:\/\/www.allnav.com\/#organization","name":"ALLNAV","url":"https:\/\/www.allnav.com\/","logo":{"@type":"ImageObject","inLanguage":"fr-FR","@id":"https:\/\/www.allnav.com\/#\/schema\/logo\/image\/","url":"https:\/\/www.allnav.com\/wp-content\/uploads\/2020\/01\/allnav.png","contentUrl":"https:\/\/www.allnav.com\/wp-content\/uploads\/2020\/01\/allnav.png","width":506,"height":152,"caption":"ALLNAV"},"image":{"@id":"https:\/\/www.allnav.com\/#\/schema\/logo\/image\/"}},{"@type":"Person","@id":"https:\/\/www.allnav.com\/#\/schema\/person\/ddd9d4a0a99269d496be948429ea1d66","name":"visual_image","url":"https:\/\/www.allnav.com\/fr\/author\/visual_image\/"}]}},"_links":{"self":[{"href":"https:\/\/www.allnav.com\/fr\/wp-json\/wp\/v2\/posts\/11225","targetHints":{"allow":["GET"]}}],"collection":[{"href":"https:\/\/www.allnav.com\/fr\/wp-json\/wp\/v2\/posts"}],"about":[{"href":"https:\/\/www.allnav.com\/fr\/wp-json\/wp\/v2\/types\/post"}],"author":[{"embeddable":true,"href":"https:\/\/www.allnav.com\/fr\/wp-json\/wp\/v2\/users\/1"}],"replies":[{"embeddable":true,"href":"https:\/\/www.allnav.com\/fr\/wp-json\/wp\/v2\/comments?post=11225"}],"version-history":[{"count":0,"href":"https:\/\/www.allnav.com\/fr\/wp-json\/wp\/v2\/posts\/11225\/revisions"}],"wp:featuredmedia":[{"embeddable":true,"href":"https:\/\/www.allnav.com\/fr\/wp-json\/wp\/v2\/media\/15601"}],"wp:attachment":[{"href":"https:\/\/www.allnav.com\/fr\/wp-json\/wp\/v2\/media?parent=11225"}],"wp:term":[{"taxonomy":"category","embeddable":true,"href":"https:\/\/www.allnav.com\/fr\/wp-json\/wp\/v2\/categories?post=11225"},{"taxonomy":"post_tag","embeddable":true,"href":"https:\/\/www.allnav.com\/fr\/wp-json\/wp\/v2\/tags?post=11225"}],"curies":[{"name":"wp","href":"https:\/\/api.w.org\/{rel}","templated":true}]}}