{"id":11525,"date":"2023-09-01T14:15:16","date_gmt":"2023-09-01T12:15:16","guid":{"rendered":"https:\/\/www.allnav.com\/?p=11525"},"modified":"2024-06-19T15:24:08","modified_gmt":"2024-06-19T13:24:08","slug":"allnav-auf-der-swissdimensions-2023","status":"publish","type":"post","link":"https:\/\/www.allnav.com\/fr\/allnav-auf-der-swissdimensions-2023\/","title":{"rendered":"ALLNAV au salon Swiss Dimensions 2023"},"content":{"rendered":"<div data-elementor-type=\"wp-post\" data-elementor-id=\"11525\" class=\"elementor elementor-11525\" data-elementor-post-type=\"post\">\n\t\t\t\t\t\t<section class=\"elementor-section elementor-top-section elementor-element elementor-element-3525ea6 elementor-section-full_width elementor-section-height-default elementor-section-height-default\" data-id=\"3525ea6\" data-element_type=\"section\" data-e-type=\"section\">\n\t\t\t\t\t\t<div class=\"elementor-container elementor-column-gap-default\">\n\t\t\t\t\t<div class=\"elementor-column elementor-col-33 elementor-top-column elementor-element elementor-element-b0316a6\" data-id=\"b0316a6\" data-element_type=\"column\" data-e-type=\"column\" data-settings=\"{&quot;background_background&quot;:&quot;classic&quot;}\">\n\t\t\t<div class=\"elementor-widget-wrap elementor-element-populated\">\n\t\t\t\t\t\t<div class=\"elementor-element elementor-element-94fec58 elementor-widget elementor-widget-image\" data-id=\"94fec58\" data-element_type=\"widget\" data-e-type=\"widget\" data-widget_type=\"image.default\">\n\t\t\t\t<div class=\"elementor-widget-container\">\n\t\t\t\t\t\t\t\t\t\t\t\t\t\t\t<img fetchpriority=\"high\" decoding=\"async\" width=\"800\" height=\"533\" src=\"https:\/\/www.allnav.com\/wp-content\/uploads\/2023\/09\/allnav-swiss-dimensions-2023-1024x682.jpg\" class=\"attachment-large size-large wp-image-15541\" alt=\"\" srcset=\"https:\/\/www.allnav.com\/wp-content\/uploads\/2023\/09\/allnav-swiss-dimensions-2023-1024x682.jpg 1024w, https:\/\/www.allnav.com\/wp-content\/uploads\/2023\/09\/allnav-swiss-dimensions-2023-300x200.jpg 300w, https:\/\/www.allnav.com\/wp-content\/uploads\/2023\/09\/allnav-swiss-dimensions-2023-768x512.jpg 768w, https:\/\/www.allnav.com\/wp-content\/uploads\/2023\/09\/allnav-swiss-dimensions-2023.jpg 1280w\" sizes=\"(max-width: 800px) 100vw, 800px\" \/>\t\t\t\t\t\t\t\t\t\t\t\t\t\t\t<\/div>\n\t\t\t\t<\/div>\n\t\t\t\t\t<\/div>\n\t\t<\/div>\n\t\t\t\t<div class=\"elementor-column elementor-col-66 elementor-top-column elementor-element elementor-element-81cbaa0\" data-id=\"81cbaa0\" data-element_type=\"column\" data-e-type=\"column\">\n\t\t\t<div class=\"elementor-widget-wrap elementor-element-populated\">\n\t\t\t\t\t\t<div class=\"elementor-element elementor-element-b27c080 elementor-widget elementor-widget-heading\" data-id=\"b27c080\" data-element_type=\"widget\" data-e-type=\"widget\" data-widget_type=\"heading.default\">\n\t\t\t\t<div class=\"elementor-widget-container\">\n\t\t\t\t\t<h1 class=\"elementor-heading-title elementor-size-default\">ALLNAV AUF DER SWISS DIMENSIONS 2023<\/h1>\t\t\t\t<\/div>\n\t\t\t\t<\/div>\n\t\t\t\t<div class=\"elementor-element elementor-element-6f24fcb elementor-widget-divider--view-line elementor-widget elementor-widget-divider\" data-id=\"6f24fcb\" data-element_type=\"widget\" data-e-type=\"widget\" data-widget_type=\"divider.default\">\n\t\t\t\t<div class=\"elementor-widget-container\">\n\t\t\t\t\t\t\t<div class=\"elementor-divider\">\n\t\t\t<span class=\"elementor-divider-separator\">\n\t\t\t\t\t\t<\/span>\n\t\t<\/div>\n\t\t\t\t\t\t<\/div>\n\t\t\t\t<\/div>\n\t\t\t\t<div class=\"elementor-element elementor-element-5b675d0 elementor-widget elementor-widget-heading\" data-id=\"5b675d0\" data-element_type=\"widget\" data-e-type=\"widget\" data-widget_type=\"heading.default\">\n\t\t\t\t<div class=\"elementor-widget-container\">\n\t\t\t\t\t<h3 class=\"elementor-heading-title elementor-size-default\">Am 26. Oktober findet die Swiss Dimensions 2023 zum dritten Mal am Campus Sursee statt.<\/h3>\t\t\t\t<\/div>\n\t\t\t\t<\/div>\n\t\t\t\t<div class=\"elementor-element elementor-element-49a770f elementor-widget elementor-widget-text-editor\" data-id=\"49a770f\" data-element_type=\"widget\" data-e-type=\"widget\" data-widget_type=\"text-editor.default\">\n\t\t\t\t<div class=\"elementor-widget-container\">\n\t\t\t\t\t\t\t\t\tIm Mittelpunkt stehen digitale L\u00f6sungen und Methoden f\u00fcr das Schweizer Bau- und Vermessungswesen. An der Veranstaltung im 2021 konnten wir \u00fcber 550 G\u00e4ste begr\u00fcssen, die an mehr als 20 Referaten, der grossen Ausstellung und den Praxisvorf\u00fchrungen im Aussengel\u00e4nde teilnahmen. Das bietet Ihnen die Swiss Dimensions 2023:\t\t\t\t\t\t\t\t<\/div>\n\t\t\t\t<\/div>\n\t\t\t\t\t<\/div>\n\t\t<\/div>\n\t\t\t\t\t<\/div>\n\t\t<\/section>\n\t\t\t\t<section class=\"elementor-section elementor-top-section elementor-element elementor-element-0cb5129 elementor-section-full_width elementor-section-height-default elementor-section-height-default\" data-id=\"0cb5129\" data-element_type=\"section\" data-e-type=\"section\">\n\t\t\t\t\t\t<div class=\"elementor-container elementor-column-gap-default\">\n\t\t\t\t\t<div class=\"elementor-column elementor-col-100 elementor-top-column elementor-element elementor-element-7fb17c3\" data-id=\"7fb17c3\" data-element_type=\"column\" data-e-type=\"column\">\n\t\t\t<div class=\"elementor-widget-wrap elementor-element-populated\">\n\t\t\t\t\t\t<div class=\"elementor-element elementor-element-b46b52d elementor-widget elementor-widget-text-editor\" data-id=\"b46b52d\" data-element_type=\"widget\" data-e-type=\"widget\" data-widget_type=\"text-editor.default\">\n\t\t\t\t<div class=\"elementor-widget-container\">\n\t\t\t\t\t\t\t\t\t<p><strong>Referate<\/strong><br \/>In 25 Referaten \u2013 aufgeteilt in die f\u00fcnf Themenschwerpunkte \u00abVermessung\u00bb, \u00abPlanung\u00bb, \u00abAusf\u00fchrung Tiefbau\u00bb, \u00abAusf\u00fchrung Hochbau\u00bb und \u00abInfrastrukturbau\u00bb \u2013 informieren Fachspezialisten \u00fcber neueste Technologien und Anwendungen f\u00fcr Vermesser, Bauingenieure, Tief- und Hochbauunternehmer sowie Infrastrukturbetreiber. Langj\u00e4hrig erfahrene Spezialisten zeigen auf wie Generalunternehmer, private und \u00f6ffentliche Bauherren sowie Infrastrukturbetreiber digitale L\u00f6sungen zum eigenen Nutzen f\u00fcr ihre Bauprojekte einsetzen und nutzen k\u00f6nnen.<\/p>\t\t\t\t\t\t\t\t<\/div>\n\t\t\t\t<\/div>\n\t\t\t\t<div class=\"elementor-element elementor-element-0256d82 elementor-widget elementor-widget-text-editor\" data-id=\"0256d82\" data-element_type=\"widget\" data-e-type=\"widget\" data-widget_type=\"text-editor.default\">\n\t\t\t\t<div class=\"elementor-widget-container\">\n\t\t\t\t\t\t\t\t\t<p><strong>Ausstellung<\/strong><br \/>An den Partnerst\u00e4nden erleben Sie live neueste Technologien und k\u00f6nnen Erfahrungen mit Fachspezialisten austauschen. Im Aussengel\u00e4nde werden Ihnen zudem zahlreiche Baumaschinen mit neuesten Baumaschinensteuerungen, Bauvermessungsl\u00f6sungen und vieles mehr live im Einsatz vorgef\u00fchrt und im Detail vorgestellt.<\/p>\t\t\t\t\t\t\t\t<\/div>\n\t\t\t\t<\/div>\n\t\t\t\t<div class=\"elementor-element elementor-element-d9c1bd4 elementor-widget elementor-widget-text-editor\" data-id=\"d9c1bd4\" data-element_type=\"widget\" data-e-type=\"widget\" data-widget_type=\"text-editor.default\">\n\t\t\t\t<div class=\"elementor-widget-container\">\n\t\t\t\t\t\t\t\t\tDie ALLNAV ist Premium-Partner der Swiss Dimensions 2023 und freut sich auf den pers\u00f6nlichen Austausch an unserem Informationsstand.\t\t\t\t\t\t\t\t<\/div>\n\t\t\t\t<\/div>\n\t\t\t\t\t<\/div>\n\t\t<\/div>\n\t\t\t\t\t<\/div>\n\t\t<\/section>\n\t\t\t\t<section class=\"elementor-section elementor-top-section elementor-element elementor-element-aae2a17 elementor-section-full_width elementor-reverse-mobile elementor-section-height-default elementor-section-height-default\" data-id=\"aae2a17\" data-element_type=\"section\" data-e-type=\"section\">\n\t\t\t\t\t\t<div class=\"elementor-container elementor-column-gap-default\">\n\t\t\t\t\t<div class=\"elementor-column elementor-col-100 elementor-top-column elementor-element elementor-element-6455d11\" data-id=\"6455d11\" data-element_type=\"column\" data-e-type=\"column\">\n\t\t\t<div class=\"elementor-widget-wrap elementor-element-populated\">\n\t\t\t\t\t\t<div class=\"elementor-element elementor-element-97c33eb elementor-post-navigation-borders-yes elementor-widget elementor-widget-post-navigation\" data-id=\"97c33eb\" data-element_type=\"widget\" data-e-type=\"widget\" data-widget_type=\"post-navigation.default\">\n\t\t\t\t<div class=\"elementor-widget-container\">\n\t\t\t\t\t\t\t<div class=\"elementor-post-navigation\" role=\"navigation\" aria-label=\"Navigation de publication\">\n\t\t\t<div class=\"elementor-post-navigation__prev elementor-post-navigation__link\">\n\t\t\t\t<a href=\"https:\/\/www.allnav.com\/fr\/erweiterung-des-trimble-technology-lab-am-fhnw-campus-muttenz-mit-schwerpunkt-planung-und-geomatik\/\" rel=\"prev\"><span class=\"post-navigation__arrow-wrapper post-navigation__arrow-prev\"><svg aria-hidden=\"true\" class=\"e-font-icon-svg e-fas-angle-left\" viewbox=\"0 0 256 512\" xmlns=\"http:\/\/www.w3.org\/2000\/svg\"><path d=\"M31.7 239l136-136c9.4-9.4 24.6-9.4 33.9 0l22.6 22.6c9.4 9.4 9.4 24.6 0 33.9L127.9 256l96.4 96.4c9.4 9.4 9.4 24.6 0 33.9L201.7 409c-9.4 9.4-24.6 9.4-33.9 0l-136-136c-9.5-9.4-9.5-24.6-.1-34z\"><\/path><\/svg><span class=\"elementor-screen-only\">Pr\u00e9c\u00e9dent<\/span><\/span><span class=\"elementor-post-navigation__link__prev\"><span class=\"post-navigation__prev--label\">retour<\/span><span class=\"post-navigation__prev--title\">Extension du Trimble Technology Lab au campus FHNW de Muttenz avec un accent sur la \"planification et la g\u00e9omatique<\/span><\/span><\/a>\t\t\t<\/div>\n\t\t\t\t\t\t\t<div class=\"elementor-post-navigation__separator-wrapper\">\n\t\t\t\t\t<div class=\"elementor-post-navigation__separator\"><\/div>\n\t\t\t\t<\/div>\n\t\t\t\t\t\t<div class=\"elementor-post-navigation__next elementor-post-navigation__link\">\n\t\t\t\t<a href=\"https:\/\/www.allnav.com\/fr\/einmalige-messfahrt-vielfaeltige-datennutzung\/\" rel=\"next\"><span class=\"elementor-post-navigation__link__next\"><span class=\"post-navigation__next--label\">continuer<\/span><span class=\"post-navigation__next--title\">Un seul trajet de mesure, une utilisation multiple des donn\u00e9es<\/span><\/span><span class=\"post-navigation__arrow-wrapper post-navigation__arrow-next\"><svg aria-hidden=\"true\" class=\"e-font-icon-svg e-fas-angle-right\" viewbox=\"0 0 256 512\" xmlns=\"http:\/\/www.w3.org\/2000\/svg\"><path d=\"M224.3 273l-136 136c-9.4 9.4-24.6 9.4-33.9 0l-22.6-22.6c-9.4-9.4-9.4-24.6 0-33.9l96.4-96.4-96.4-96.4c-9.4-9.4-9.4-24.6 0-33.9L54.3 103c9.4-9.4 24.6-9.4 33.9 0l136 136c9.5 9.4 9.5 24.6.1 34z\"><\/path><\/svg><span class=\"elementor-screen-only\">Suivant<\/span><\/span><\/a>\t\t\t<\/div>\n\t\t<\/div>\n\t\t\t\t\t\t<\/div>\n\t\t\t\t<\/div>\n\t\t\t\t\t<\/div>\n\t\t<\/div>\n\t\t\t\t\t<\/div>\n\t\t<\/section>\n\t\t\t\t<\/div>","protected":false},"excerpt":{"rendered":"<p>Le 26 octobre, Swiss Dimensions 2023 se tiendra pour la troisi\u00e8me fois sur le campus de Sursee. L'accent sera mis sur les solutions et m\u00e9thodes num\u00e9riques pour le secteur suisse de la construction et de la mensuration. <\/p>","protected":false},"author":1,"featured_media":15541,"comment_status":"closed","ping_status":"open","sticky":false,"template":"elementor_header_footer","format":"standard","meta":{"footnotes":""},"categories":[25,27],"tags":[],"class_list":["post-11525","post","type-post","status-publish","format-standard","has-post-thumbnail","hentry","category-news","category-veranstaltung"],"yoast_head":"<!-- This site is optimized with the Yoast SEO Premium plugin v27.4 (Yoast SEO v27.4) - https:\/\/yoast.com\/product\/yoast-seo-premium-wordpress\/ -->\n<title>ALLNAV auf der Swiss Dimensions 2023<\/title>\n<meta name=\"description\" content=\"Swiss Dimensions 2023Am 26. Oktober findet die Swiss Dimensions 2023 zum dritten Mal am Campus Sursee statt. Im Mittelpunkt stehen digitale L\u00f6sungen und Methoden f\u00fcr das Schweizer Bau- und Vermessungswesen. An der Veranstaltung im 2021 konnten wir \u00fcber 550 G\u00e4ste begr\u00fcssen, die an mehr als 20 Referaten, der grossen Ausstellung und den Praxisvorf\u00fchrungen im Aussengel\u00e4nde teilnahmen.\" \/>\n<meta name=\"robots\" content=\"index, follow, max-snippet:-1, max-image-preview:large, max-video-preview:-1\" \/>\n<link rel=\"canonical\" href=\"https:\/\/www.allnav.com\/fr\/allnav-auf-der-swissdimensions-2023\/\" \/>\n<meta property=\"og:locale\" content=\"fr_FR\" \/>\n<meta property=\"og:type\" content=\"article\" \/>\n<meta property=\"og:title\" content=\"ALLNAV auf der Swiss Dimensions 2023\" \/>\n<meta property=\"og:description\" content=\"Swiss Dimensions 2023Am 26. Oktober findet die Swiss Dimensions 2023 zum dritten Mal am Campus Sursee statt. Im Mittelpunkt stehen digitale L\u00f6sungen und Methoden f\u00fcr das Schweizer Bau- und Vermessungswesen. An der Veranstaltung im 2021 konnten wir \u00fcber 550 G\u00e4ste begr\u00fcssen, die an mehr als 20 Referaten, der grossen Ausstellung und den Praxisvorf\u00fchrungen im Aussengel\u00e4nde teilnahmen.\" \/>\n<meta property=\"og:url\" content=\"https:\/\/www.allnav.com\/fr\/allnav-auf-der-swissdimensions-2023\/\" \/>\n<meta property=\"og:site_name\" content=\"ALLNAV\" \/>\n<meta property=\"article:published_time\" content=\"2023-09-01T12:15:16+00:00\" \/>\n<meta property=\"article:modified_time\" content=\"2024-06-19T13:24:08+00:00\" \/>\n<meta property=\"og:image\" content=\"https:\/\/www.allnav.com\/wp-content\/uploads\/2023\/09\/allnav-swiss-dimensions-2023.jpg\" \/>\n\t<meta property=\"og:image:width\" content=\"1280\" \/>\n\t<meta property=\"og:image:height\" content=\"853\" \/>\n\t<meta property=\"og:image:type\" content=\"image\/webp\" \/>\n<meta name=\"author\" content=\"visual_image\" \/>\n<meta name=\"twitter:card\" content=\"summary_large_image\" \/>\n<meta name=\"twitter:label1\" content=\"\u00c9crit par\" \/>\n\t<meta name=\"twitter:data1\" content=\"visual_image\" \/>\n\t<meta name=\"twitter:label2\" content=\"Dur\u00e9e de lecture estim\u00e9e\" \/>\n\t<meta name=\"twitter:data2\" content=\"2 minutes\" \/>\n<script type=\"application\/ld+json\" class=\"yoast-schema-graph\">{\"@context\":\"https:\\\/\\\/schema.org\",\"@graph\":[{\"@type\":\"Article\",\"@id\":\"https:\\\/\\\/www.allnav.com\\\/allnav-auf-der-swissdimensions-2023\\\/#article\",\"isPartOf\":{\"@id\":\"https:\\\/\\\/www.allnav.com\\\/allnav-auf-der-swissdimensions-2023\\\/\"},\"author\":{\"name\":\"visual_image\",\"@id\":\"https:\\\/\\\/www.allnav.com\\\/#\\\/schema\\\/person\\\/ddd9d4a0a99269d496be948429ea1d66\"},\"headline\":\"ALLNAV auf der Swiss Dimensions 2023\",\"datePublished\":\"2023-09-01T12:15:16+00:00\",\"dateModified\":\"2024-06-19T13:24:08+00:00\",\"mainEntityOfPage\":{\"@id\":\"https:\\\/\\\/www.allnav.com\\\/allnav-auf-der-swissdimensions-2023\\\/\"},\"wordCount\":195,\"publisher\":{\"@id\":\"https:\\\/\\\/www.allnav.com\\\/#organization\"},\"image\":{\"@id\":\"https:\\\/\\\/www.allnav.com\\\/allnav-auf-der-swissdimensions-2023\\\/#primaryimage\"},\"thumbnailUrl\":\"https:\\\/\\\/www.allnav.com\\\/wp-content\\\/uploads\\\/2023\\\/09\\\/allnav-swiss-dimensions-2023.jpg\",\"articleSection\":[\"News\",\"Veranstaltungen\"],\"inLanguage\":\"fr-FR\"},{\"@type\":\"WebPage\",\"@id\":\"https:\\\/\\\/www.allnav.com\\\/allnav-auf-der-swissdimensions-2023\\\/\",\"url\":\"https:\\\/\\\/www.allnav.com\\\/allnav-auf-der-swissdimensions-2023\\\/\",\"name\":\"ALLNAV auf der Swiss Dimensions 2023\",\"isPartOf\":{\"@id\":\"https:\\\/\\\/www.allnav.com\\\/#website\"},\"primaryImageOfPage\":{\"@id\":\"https:\\\/\\\/www.allnav.com\\\/allnav-auf-der-swissdimensions-2023\\\/#primaryimage\"},\"image\":{\"@id\":\"https:\\\/\\\/www.allnav.com\\\/allnav-auf-der-swissdimensions-2023\\\/#primaryimage\"},\"thumbnailUrl\":\"https:\\\/\\\/www.allnav.com\\\/wp-content\\\/uploads\\\/2023\\\/09\\\/allnav-swiss-dimensions-2023.jpg\",\"datePublished\":\"2023-09-01T12:15:16+00:00\",\"dateModified\":\"2024-06-19T13:24:08+00:00\",\"description\":\"Swiss Dimensions 2023Am 26. Oktober findet die Swiss Dimensions 2023 zum dritten Mal am Campus Sursee statt. Im Mittelpunkt stehen digitale L\u00f6sungen und Methoden f\u00fcr das Schweizer Bau- und Vermessungswesen. An der Veranstaltung im 2021 konnten wir \u00fcber 550 G\u00e4ste begr\u00fcssen, die an mehr als 20 Referaten, der grossen Ausstellung und den Praxisvorf\u00fchrungen im Aussengel\u00e4nde teilnahmen.\",\"breadcrumb\":{\"@id\":\"https:\\\/\\\/www.allnav.com\\\/allnav-auf-der-swissdimensions-2023\\\/#breadcrumb\"},\"inLanguage\":\"fr-FR\",\"potentialAction\":[{\"@type\":\"ReadAction\",\"target\":[\"https:\\\/\\\/www.allnav.com\\\/allnav-auf-der-swissdimensions-2023\\\/\"]}]},{\"@type\":\"ImageObject\",\"inLanguage\":\"fr-FR\",\"@id\":\"https:\\\/\\\/www.allnav.com\\\/allnav-auf-der-swissdimensions-2023\\\/#primaryimage\",\"url\":\"https:\\\/\\\/www.allnav.com\\\/wp-content\\\/uploads\\\/2023\\\/09\\\/allnav-swiss-dimensions-2023.jpg\",\"contentUrl\":\"https:\\\/\\\/www.allnav.com\\\/wp-content\\\/uploads\\\/2023\\\/09\\\/allnav-swiss-dimensions-2023.jpg\",\"width\":1280,\"height\":853},{\"@type\":\"BreadcrumbList\",\"@id\":\"https:\\\/\\\/www.allnav.com\\\/allnav-auf-der-swissdimensions-2023\\\/#breadcrumb\",\"itemListElement\":[{\"@type\":\"ListItem\",\"position\":1,\"name\":\"Startseite\",\"item\":\"https:\\\/\\\/www.allnav.com\\\/\"},{\"@type\":\"ListItem\",\"position\":2,\"name\":\"ALLNAV auf der Swiss Dimensions 2023\"}]},{\"@type\":\"WebSite\",\"@id\":\"https:\\\/\\\/www.allnav.com\\\/#website\",\"url\":\"https:\\\/\\\/www.allnav.com\\\/\",\"name\":\"ALLNAV\",\"description\":\"L\u00f6sungen und Systeme f\u00fcr Vermessungsprofis\",\"publisher\":{\"@id\":\"https:\\\/\\\/www.allnav.com\\\/#organization\"},\"potentialAction\":[{\"@type\":\"SearchAction\",\"target\":{\"@type\":\"EntryPoint\",\"urlTemplate\":\"https:\\\/\\\/www.allnav.com\\\/?s={search_term_string}\"},\"query-input\":{\"@type\":\"PropertyValueSpecification\",\"valueRequired\":true,\"valueName\":\"search_term_string\"}}],\"inLanguage\":\"fr-FR\"},{\"@type\":\"Organization\",\"@id\":\"https:\\\/\\\/www.allnav.com\\\/#organization\",\"name\":\"ALLNAV\",\"url\":\"https:\\\/\\\/www.allnav.com\\\/\",\"logo\":{\"@type\":\"ImageObject\",\"inLanguage\":\"fr-FR\",\"@id\":\"https:\\\/\\\/www.allnav.com\\\/#\\\/schema\\\/logo\\\/image\\\/\",\"url\":\"https:\\\/\\\/www.allnav.com\\\/wp-content\\\/uploads\\\/2020\\\/01\\\/allnav.png\",\"contentUrl\":\"https:\\\/\\\/www.allnav.com\\\/wp-content\\\/uploads\\\/2020\\\/01\\\/allnav.png\",\"width\":506,\"height\":152,\"caption\":\"ALLNAV\"},\"image\":{\"@id\":\"https:\\\/\\\/www.allnav.com\\\/#\\\/schema\\\/logo\\\/image\\\/\"}},{\"@type\":\"Person\",\"@id\":\"https:\\\/\\\/www.allnav.com\\\/#\\\/schema\\\/person\\\/ddd9d4a0a99269d496be948429ea1d66\",\"name\":\"visual_image\",\"url\":\"https:\\\/\\\/www.allnav.com\\\/fr\\\/author\\\/visual_image\\\/\"}]}<\/script>\n<!-- \/ Yoast SEO Premium plugin. -->","yoast_head_json":{"title":"ALLNAV au salon Swiss Dimensions 2023","description":"Swiss Dimensions 2023Am 26. Oktober findet die Swiss Dimensions 2023 zum dritten Mal am Campus Sursee statt. Im Mittelpunkt stehen digitale L\u00f6sungen und Methoden f\u00fcr das Schweizer Bau- und Vermessungswesen. An der Veranstaltung im 2021 konnten wir \u00fcber 550 G\u00e4ste begr\u00fcssen, die an mehr als 20 Referaten, der grossen Ausstellung und den Praxisvorf\u00fchrungen im Aussengel\u00e4nde teilnahmen.","robots":{"index":"index","follow":"follow","max-snippet":"max-snippet:-1","max-image-preview":"max-image-preview:large","max-video-preview":"max-video-preview:-1"},"canonical":"https:\/\/www.allnav.com\/fr\/allnav-auf-der-swissdimensions-2023\/","og_locale":"fr_FR","og_type":"article","og_title":"ALLNAV auf der Swiss Dimensions 2023","og_description":"Swiss Dimensions 2023Am 26. Oktober findet die Swiss Dimensions 2023 zum dritten Mal am Campus Sursee statt. Im Mittelpunkt stehen digitale L\u00f6sungen und Methoden f\u00fcr das Schweizer Bau- und Vermessungswesen. An der Veranstaltung im 2021 konnten wir \u00fcber 550 G\u00e4ste begr\u00fcssen, die an mehr als 20 Referaten, der grossen Ausstellung und den Praxisvorf\u00fchrungen im Aussengel\u00e4nde teilnahmen.","og_url":"https:\/\/www.allnav.com\/fr\/allnav-auf-der-swissdimensions-2023\/","og_site_name":"ALLNAV","article_published_time":"2023-09-01T12:15:16+00:00","article_modified_time":"2024-06-19T13:24:08+00:00","og_image":[{"width":1280,"height":853,"url":"https:\/\/www.allnav.com\/wp-content\/uploads\/2023\/09\/allnav-swiss-dimensions-2023.jpg","type":"image\/webp"}],"author":"visual_image","twitter_card":"summary_large_image","twitter_misc":{"\u00c9crit par":"visual_image","Dur\u00e9e de lecture estim\u00e9e":"2 minutes"},"schema":{"@context":"https:\/\/schema.org","@graph":[{"@type":"Article","@id":"https:\/\/www.allnav.com\/allnav-auf-der-swissdimensions-2023\/#article","isPartOf":{"@id":"https:\/\/www.allnav.com\/allnav-auf-der-swissdimensions-2023\/"},"author":{"name":"visual_image","@id":"https:\/\/www.allnav.com\/#\/schema\/person\/ddd9d4a0a99269d496be948429ea1d66"},"headline":"ALLNAV auf der Swiss Dimensions 2023","datePublished":"2023-09-01T12:15:16+00:00","dateModified":"2024-06-19T13:24:08+00:00","mainEntityOfPage":{"@id":"https:\/\/www.allnav.com\/allnav-auf-der-swissdimensions-2023\/"},"wordCount":195,"publisher":{"@id":"https:\/\/www.allnav.com\/#organization"},"image":{"@id":"https:\/\/www.allnav.com\/allnav-auf-der-swissdimensions-2023\/#primaryimage"},"thumbnailUrl":"https:\/\/www.allnav.com\/wp-content\/uploads\/2023\/09\/allnav-swiss-dimensions-2023.jpg","articleSection":["News","Veranstaltungen"],"inLanguage":"fr-FR"},{"@type":"WebPage","@id":"https:\/\/www.allnav.com\/allnav-auf-der-swissdimensions-2023\/","url":"https:\/\/www.allnav.com\/allnav-auf-der-swissdimensions-2023\/","name":"ALLNAV au salon Swiss Dimensions 2023","isPartOf":{"@id":"https:\/\/www.allnav.com\/#website"},"primaryImageOfPage":{"@id":"https:\/\/www.allnav.com\/allnav-auf-der-swissdimensions-2023\/#primaryimage"},"image":{"@id":"https:\/\/www.allnav.com\/allnav-auf-der-swissdimensions-2023\/#primaryimage"},"thumbnailUrl":"https:\/\/www.allnav.com\/wp-content\/uploads\/2023\/09\/allnav-swiss-dimensions-2023.jpg","datePublished":"2023-09-01T12:15:16+00:00","dateModified":"2024-06-19T13:24:08+00:00","description":"Swiss Dimensions 2023Am 26. Oktober findet die Swiss Dimensions 2023 zum dritten Mal am Campus Sursee statt. Im Mittelpunkt stehen digitale L\u00f6sungen und Methoden f\u00fcr das Schweizer Bau- und Vermessungswesen. An der Veranstaltung im 2021 konnten wir \u00fcber 550 G\u00e4ste begr\u00fcssen, die an mehr als 20 Referaten, der grossen Ausstellung und den Praxisvorf\u00fchrungen im Aussengel\u00e4nde teilnahmen.","breadcrumb":{"@id":"https:\/\/www.allnav.com\/allnav-auf-der-swissdimensions-2023\/#breadcrumb"},"inLanguage":"fr-FR","potentialAction":[{"@type":"ReadAction","target":["https:\/\/www.allnav.com\/allnav-auf-der-swissdimensions-2023\/"]}]},{"@type":"ImageObject","inLanguage":"fr-FR","@id":"https:\/\/www.allnav.com\/allnav-auf-der-swissdimensions-2023\/#primaryimage","url":"https:\/\/www.allnav.com\/wp-content\/uploads\/2023\/09\/allnav-swiss-dimensions-2023.jpg","contentUrl":"https:\/\/www.allnav.com\/wp-content\/uploads\/2023\/09\/allnav-swiss-dimensions-2023.jpg","width":1280,"height":853},{"@type":"BreadcrumbList","@id":"https:\/\/www.allnav.com\/allnav-auf-der-swissdimensions-2023\/#breadcrumb","itemListElement":[{"@type":"ListItem","position":1,"name":"Startseite","item":"https:\/\/www.allnav.com\/"},{"@type":"ListItem","position":2,"name":"ALLNAV auf der Swiss Dimensions 2023"}]},{"@type":"WebSite","@id":"https:\/\/www.allnav.com\/#website","url":"https:\/\/www.allnav.com\/","name":"ALLNAV","description":"L\u00f6sungen und Systeme f\u00fcr Vermessungsprofis","publisher":{"@id":"https:\/\/www.allnav.com\/#organization"},"potentialAction":[{"@type":"SearchAction","target":{"@type":"EntryPoint","urlTemplate":"https:\/\/www.allnav.com\/?s={search_term_string}"},"query-input":{"@type":"PropertyValueSpecification","valueRequired":true,"valueName":"search_term_string"}}],"inLanguage":"fr-FR"},{"@type":"Organization","@id":"https:\/\/www.allnav.com\/#organization","name":"ALLNAV","url":"https:\/\/www.allnav.com\/","logo":{"@type":"ImageObject","inLanguage":"fr-FR","@id":"https:\/\/www.allnav.com\/#\/schema\/logo\/image\/","url":"https:\/\/www.allnav.com\/wp-content\/uploads\/2020\/01\/allnav.png","contentUrl":"https:\/\/www.allnav.com\/wp-content\/uploads\/2020\/01\/allnav.png","width":506,"height":152,"caption":"ALLNAV"},"image":{"@id":"https:\/\/www.allnav.com\/#\/schema\/logo\/image\/"}},{"@type":"Person","@id":"https:\/\/www.allnav.com\/#\/schema\/person\/ddd9d4a0a99269d496be948429ea1d66","name":"visual_image","url":"https:\/\/www.allnav.com\/fr\/author\/visual_image\/"}]}},"_links":{"self":[{"href":"https:\/\/www.allnav.com\/fr\/wp-json\/wp\/v2\/posts\/11525","targetHints":{"allow":["GET"]}}],"collection":[{"href":"https:\/\/www.allnav.com\/fr\/wp-json\/wp\/v2\/posts"}],"about":[{"href":"https:\/\/www.allnav.com\/fr\/wp-json\/wp\/v2\/types\/post"}],"author":[{"embeddable":true,"href":"https:\/\/www.allnav.com\/fr\/wp-json\/wp\/v2\/users\/1"}],"replies":[{"embeddable":true,"href":"https:\/\/www.allnav.com\/fr\/wp-json\/wp\/v2\/comments?post=11525"}],"version-history":[{"count":0,"href":"https:\/\/www.allnav.com\/fr\/wp-json\/wp\/v2\/posts\/11525\/revisions"}],"wp:featuredmedia":[{"embeddable":true,"href":"https:\/\/www.allnav.com\/fr\/wp-json\/wp\/v2\/media\/15541"}],"wp:attachment":[{"href":"https:\/\/www.allnav.com\/fr\/wp-json\/wp\/v2\/media?parent=11525"}],"wp:term":[{"taxonomy":"category","embeddable":true,"href":"https:\/\/www.allnav.com\/fr\/wp-json\/wp\/v2\/categories?post=11525"},{"taxonomy":"post_tag","embeddable":true,"href":"https:\/\/www.allnav.com\/fr\/wp-json\/wp\/v2\/tags?post=11525"}],"curies":[{"name":"wp","href":"https:\/\/api.w.org\/{rel}","templated":true}]}}